{"id":76,"date":"2013-08-18T20:54:10","date_gmt":"2013-08-18T18:54:10","guid":{"rendered":"http:\/\/www.bernies-bergwelt.com\/wp\/?p=76"},"modified":"2013-08-18T22:53:16","modified_gmt":"2013-08-18T20:53:16","slug":"armer-kleiner-gruener-see","status":"publish","type":"post","link":"http:\/\/www.bernies-bergwelt.com\/wp\/2013\/08\/18\/armer-kleiner-gruener-see\/","title":{"rendered":"Armer, kleiner, gr\u00fcner See!"},"content":{"rendered":"<p>So klein und trocken hab ich Dich noch nie gesehen&#8230; Verlassen von Deinen Zufl\u00fcssen, austrocknend, schrumpfend, warm.<\/p>\n<p>Harmlos wie Du daliegst, phlegmatisch nur als kleiner Rest, umwandert von Massen, belagert von Kindern, zerplantscht von Hunden, traurig.<\/p>\n<p>Das Leuchten, das in Deinen Tiefen schlummert, es ist geblieben, es erz\u00e4hlt von anderen Zeiten, wenn Du metertief, m\u00e4chtig, gro\u00df bist &#8211; kalt, und doch so anziehend.<\/p>\n<p>Ich gr\u00fc\u00dfe Dich, ich vermisse Dich, ich warte. Der n\u00e4chste Winter wird kommen, die n\u00e4chste Schneeschmelze wird folgen, Dein Wasserstand wird steigen, die Wege und B\u00e4nke und Steine und alles \u00fcberfluten. M\u00e4chtig wirst Du sein, eindrucksvoll, tief, klar, kalt.<\/p>\n<p>Bis erneut die Hitze kommt, erneut an Dir zehrt, Dich erneut austrocknet, und wieder liegen l\u00e4sst als kleinen Rest Deiner selbst.<\/p>\n<p>&nbsp;<\/p>\n<p>Doch vielleicht ist alles ganz anders? Vielleicht bist Du gerne klein und harmlos, warm und \u00fcberschaubar, magst es wenn Kinder plantschen, Hunde spielen und sich Horden um Dein Ufer w\u00e4lzen.<\/p>\n<p>Es ist egal. Mal bist Du das eine, mal das andere Extrem, meistens irgendwo dazwischen. Und welcher Zustand auch immer Dir gef\u00e4llt &#8211; er wird vergehen. Und wieder kommen. Und wieder vergehen. Und wieder kommen.<\/p>\n<p>Immer und immer wieder &#8211; bis irgendwann alles ganz anders wird.<\/p>\n<div id='gallery-1' class='gallery galleryid-76 gallery-columns-3 gallery-size-thumbnail'><dl class='gallery-item'>\n\t\t\t<dt class='gallery-icon landscape'>\n\t\t\t\t<a href='http:\/\/www.bernies-bergwelt.com\/wp\/2013\/08\/18\/armer-kleiner-gruener-see\/olympus-digital-camera-27\/'><img loading=\"lazy\" decoding=\"async\" width=\"150\" height=\"150\" src=\"http:\/\/www.bernies-bergwelt.com\/wp\/wp-content\/uploads\/2013\/08\/2013-08-18-09-44-18_P8180012-150x150.jpg\" class=\"attachment-thumbnail size-thumbnail\" alt=\"\" aria-describedby=\"gallery-1-77\" \/><\/a>\n\t\t\t<\/dt>\n\t\t\t\t<dd class='wp-caption-text gallery-caption' id='gallery-1-77'>\n\t\t\t\tGr\u00fcner See\n\t\t\t\t<\/dd><\/dl><dl class='gallery-item'>\n\t\t\t<dt class='gallery-icon landscape'>\n\t\t\t\t<a href='http:\/\/www.bernies-bergwelt.com\/wp\/2013\/08\/18\/armer-kleiner-gruener-see\/olympus-digital-camera-28\/'><img loading=\"lazy\" decoding=\"async\" width=\"150\" height=\"150\" src=\"http:\/\/www.bernies-bergwelt.com\/wp\/wp-content\/uploads\/2013\/08\/2013-08-18-09-48-50_P8180015-150x150.jpg\" class=\"attachment-thumbnail size-thumbnail\" alt=\"\" aria-describedby=\"gallery-1-78\" \/><\/a>\n\t\t\t<\/dt>\n\t\t\t\t<dd class='wp-caption-text gallery-caption' id='gallery-1-78'>\n\t\t\t\tGr\u00fcner See\n\t\t\t\t<\/dd><\/dl><dl class='gallery-item'>\n\t\t\t<dt class='gallery-icon landscape'>\n\t\t\t\t<a href='http:\/\/www.bernies-bergwelt.com\/wp\/2013\/08\/18\/armer-kleiner-gruener-see\/olympus-digital-camera-29\/'><img loading=\"lazy\" decoding=\"async\" width=\"150\" height=\"150\" src=\"http:\/\/www.bernies-bergwelt.com\/wp\/wp-content\/uploads\/2013\/08\/2013-08-18-10-02-22_P8180020-150x150.jpg\" class=\"attachment-thumbnail size-thumbnail\" alt=\"\" aria-describedby=\"gallery-1-79\" \/><\/a>\n\t\t\t<\/dt>\n\t\t\t\t<dd class='wp-caption-text gallery-caption' id='gallery-1-79'>\n\t\t\t\tGr\u00fcner See\n\t\t\t\t<\/dd><\/dl><br style=\"clear: both\" \/><dl class='gallery-item'>\n\t\t\t<dt class='gallery-icon landscape'>\n\t\t\t\t<a href='http:\/\/www.bernies-bergwelt.com\/wp\/2013\/08\/18\/armer-kleiner-gruener-see\/olympus-digital-camera-30\/'><img loading=\"lazy\" decoding=\"async\" width=\"150\" height=\"150\" src=\"http:\/\/www.bernies-bergwelt.com\/wp\/wp-content\/uploads\/2013\/08\/2013-08-18-10-17-10_P8180025-150x150.jpg\" class=\"attachment-thumbnail size-thumbnail\" alt=\"\" aria-describedby=\"gallery-1-80\" \/><\/a>\n\t\t\t<\/dt>\n\t\t\t\t<dd class='wp-caption-text gallery-caption' id='gallery-1-80'>\n\t\t\t\tGr\u00fcner See\n\t\t\t\t<\/dd><\/dl><dl class='gallery-item'>\n\t\t\t<dt class='gallery-icon portrait'>\n\t\t\t\t<a href='http:\/\/www.bernies-bergwelt.com\/wp\/2013\/08\/18\/armer-kleiner-gruener-see\/2013-08-18-12-07-14_img_2264\/'><img loading=\"lazy\" decoding=\"async\" width=\"150\" height=\"150\" src=\"http:\/\/www.bernies-bergwelt.com\/wp\/wp-content\/uploads\/2013\/08\/2013-08-18-12-07-14_IMG_2264-150x150.jpg\" class=\"attachment-thumbnail size-thumbnail\" alt=\"\" aria-describedby=\"gallery-1-81\" \/><\/a>\n\t\t\t<\/dt>\n\t\t\t\t<dd class='wp-caption-text gallery-caption' id='gallery-1-81'>\n\t\t\t\tGr\u00fcner See\n\t\t\t\t<\/dd><\/dl>\n\t\t\t<br style='clear: both' \/>\n\t\t<\/div>\n\n","protected":false},"excerpt":{"rendered":"<p>So klein und trocken hab ich Dich noch nie gesehen&#8230; Verlassen von Deinen Zufl\u00fcssen, austrocknend, schrumpfend, warm. Harmlos wie Du daliegst, phlegmatisch nur als kleiner Rest, umwandert von Massen, belagert von Kindern, zerplantscht von Hunden, traurig. Das Leuchten, das in &hellip; <a href=\"http:\/\/www.bernies-bergwelt.com\/wp\/2013\/08\/18\/armer-kleiner-gruener-see\/\">Weiterlesen <span class=\"meta-nav\">&rarr;<\/span><\/a><\/p>\n","protected":false},"author":1,"featured_media":80,"comment_status":"open","ping_status":"open","sticky":false,"template":"","format":"gallery","meta":{"jetpack_post_was_ever_published":false,"_jetpack_newsletter_access":"","_jetpack_dont_email_post_to_subs":false,"_jetpack_newsletter_tier_id":0,"_jetpack_memberships_contains_paywalled_content":false,"_jetpack_memberships_contains_paid_content":false,"footnotes":"","jetpack_publicize_message":"","jetpack_publicize_feature_enabled":true,"jetpack_social_post_already_shared":true,"jetpack_social_options":{"image_generator_settings":{"template":"highway","default_image_id":0,"font":"","enabled":false},"version":2}},"categories":[16],"tags":[17,18],"class_list":["post-76","post","type-post","status-publish","format-gallery","has-post-thumbnail","hentry","category-wandern","tag-gruener-see","tag-tragoess","post_format-post-format-gallery"],"jetpack_publicize_connections":[],"jetpack_featured_media_url":"http:\/\/www.bernies-bergwelt.com\/wp\/wp-content\/uploads\/2013\/08\/2013-08-18-10-17-10_P8180025.jpg","jetpack_sharing_enabled":true,"jetpack_shortlink":"https:\/\/wp.me\/p3NFYQ-1e","_links":{"self":[{"href":"http:\/\/www.bernies-bergwelt.com\/wp\/wp-json\/wp\/v2\/posts\/76","targetHints":{"allow":["GET"]}}],"collection":[{"href":"http:\/\/www.bernies-bergwelt.com\/wp\/wp-json\/wp\/v2\/posts"}],"about":[{"href":"http:\/\/www.bernies-bergwelt.com\/wp\/wp-json\/wp\/v2\/types\/post"}],"author":[{"embeddable":true,"href":"http:\/\/www.bernies-bergwelt.com\/wp\/wp-json\/wp\/v2\/users\/1"}],"replies":[{"embeddable":true,"href":"http:\/\/www.bernies-bergwelt.com\/wp\/wp-json\/wp\/v2\/comments?post=76"}],"version-history":[{"count":2,"href":"http:\/\/www.bernies-bergwelt.com\/wp\/wp-json\/wp\/v2\/posts\/76\/revisions"}],"predecessor-version":[{"id":83,"href":"http:\/\/www.bernies-bergwelt.com\/wp\/wp-json\/wp\/v2\/posts\/76\/revisions\/83"}],"wp:featuredmedia":[{"embeddable":true,"href":"http:\/\/www.bernies-bergwelt.com\/wp\/wp-json\/wp\/v2\/media\/80"}],"wp:attachment":[{"href":"http:\/\/www.bernies-bergwelt.com\/wp\/wp-json\/wp\/v2\/media?parent=76"}],"wp:term":[{"taxonomy":"category","embeddable":true,"href":"http:\/\/www.bernies-bergwelt.com\/wp\/wp-json\/wp\/v2\/categories?post=76"},{"taxonomy":"post_tag","embeddable":true,"href":"http:\/\/www.bernies-bergwelt.com\/wp\/wp-json\/wp\/v2\/tags?post=76"}],"curies":[{"name":"wp","href":"https:\/\/api.w.org\/{rel}","templated":true}]}}